{"id":4638,"date":"2025-10-08T14:45:57","date_gmt":"2025-10-08T12:45:57","guid":{"rendered":"https:\/\/ralf.eyertt.de\/?p=4638"},"modified":"2025-10-08T14:54:48","modified_gmt":"2025-10-08T12:54:48","slug":"ephemeral-bodies-published-in-malvie-magazine-france","status":"publish","type":"post","link":"https:\/\/ralf.eyertt.de\/?p=4638","title":{"rendered":"&#8222;Ephemeral Bodies&#8220; \u2013 Published in Malvie Magazine (France)"},"content":{"rendered":"<p data-start=\"335\" data-end=\"635\"><img loading=\"lazy\" decoding=\"async\" class=\"alignleft size-thumbnail wp-image-4636\" src=\"https:\/\/ralf.eyertt.de\/wp-content\/uploads\/2025\/10\/MALVIE-BOLD-BOUDOIR-36-September-2025-250x326.jpg\" alt=\"\" width=\"250\" height=\"326\" srcset=\"https:\/\/ralf.eyertt.de\/wp-content\/uploads\/2025\/10\/MALVIE-BOLD-BOUDOIR-36-September-2025-250x326.jpg 250w, https:\/\/ralf.eyertt.de\/wp-content\/uploads\/2025\/10\/MALVIE-BOLD-BOUDOIR-36-September-2025-500x652.jpg 500w, https:\/\/ralf.eyertt.de\/wp-content\/uploads\/2025\/10\/MALVIE-BOLD-BOUDOIR-36-September-2025-650x847.jpg 650w, https:\/\/ralf.eyertt.de\/wp-content\/uploads\/2025\/10\/MALVIE-BOLD-BOUDOIR-36-September-2025-768x1001.jpg 768w, https:\/\/ralf.eyertt.de\/wp-content\/uploads\/2025\/10\/MALVIE-BOLD-BOUDOIR-36-September-2025-1179x1536.jpg 1179w, https:\/\/ralf.eyertt.de\/wp-content\/uploads\/2025\/10\/MALVIE-BOLD-BOUDOIR-36-September-2025-1572x2048.jpg 1572w, https:\/\/ralf.eyertt.de\/wp-content\/uploads\/2025\/10\/MALVIE-BOLD-BOUDOIR-36-September-2025-scaled.jpg 1965w\" sizes=\"auto, (max-width: 250px) 100vw, 250px\" \/>With <em data-start=\"340\" data-end=\"360\">\u201cEphemeral Bodies\u201d<\/em>, photographer <strong data-start=\"375\" data-end=\"390\">Ralf Eyertt<\/strong> explores the fragile intersection between light, movement, and human emotion. The series, published in the French <strong data-start=\"505\" data-end=\"524\">Malvie Magazine<\/strong>, transforms fleeting gestures and droplets of water into sculptural moments \u2014 ephemeral yet deeply intimate.<\/p>\n<p data-start=\"637\" data-end=\"980\"><img loading=\"lazy\" decoding=\"async\" class=\"alignleft size-thumbnail wp-image-4639\" src=\"https:\/\/ralf.eyertt.de\/wp-content\/uploads\/2025\/10\/MALVIE-BOLD-BOUDOIR-36-September-202525-250x326.jpg\" alt=\"\" width=\"250\" height=\"326\" srcset=\"https:\/\/ralf.eyertt.de\/wp-content\/uploads\/2025\/10\/MALVIE-BOLD-BOUDOIR-36-September-202525-250x326.jpg 250w, https:\/\/ralf.eyertt.de\/wp-content\/uploads\/2025\/10\/MALVIE-BOLD-BOUDOIR-36-September-202525-500x652.jpg 500w, https:\/\/ralf.eyertt.de\/wp-content\/uploads\/2025\/10\/MALVIE-BOLD-BOUDOIR-36-September-202525-650x847.jpg 650w, https:\/\/ralf.eyertt.de\/wp-content\/uploads\/2025\/10\/MALVIE-BOLD-BOUDOIR-36-September-202525-768x1001.jpg 768w, https:\/\/ralf.eyertt.de\/wp-content\/uploads\/2025\/10\/MALVIE-BOLD-BOUDOIR-36-September-202525-1179x1536.jpg 1179w, https:\/\/ralf.eyertt.de\/wp-content\/uploads\/2025\/10\/MALVIE-BOLD-BOUDOIR-36-September-202525-1572x2048.jpg 1572w, https:\/\/ralf.eyertt.de\/wp-content\/uploads\/2025\/10\/MALVIE-BOLD-BOUDOIR-36-September-202525-scaled.jpg 1965w\" sizes=\"auto, (max-width: 250px) 100vw, 250px\" \/><img loading=\"lazy\" decoding=\"async\" class=\"alignleft size-thumbnail wp-image-4640\" src=\"https:\/\/ralf.eyertt.de\/wp-content\/uploads\/2025\/10\/MALVIE-BOLD-BOUDOIR-36-September-202528-250x326.jpg\" alt=\"\" width=\"250\" height=\"326\" srcset=\"https:\/\/ralf.eyertt.de\/wp-content\/uploads\/2025\/10\/MALVIE-BOLD-BOUDOIR-36-September-202528-250x326.jpg 250w, https:\/\/ralf.eyertt.de\/wp-content\/uploads\/2025\/10\/MALVIE-BOLD-BOUDOIR-36-September-202528-500x652.jpg 500w, https:\/\/ralf.eyertt.de\/wp-content\/uploads\/2025\/10\/MALVIE-BOLD-BOUDOIR-36-September-202528-650x847.jpg 650w, https:\/\/ralf.eyertt.de\/wp-content\/uploads\/2025\/10\/MALVIE-BOLD-BOUDOIR-36-September-202528-768x1001.jpg 768w, https:\/\/ralf.eyertt.de\/wp-content\/uploads\/2025\/10\/MALVIE-BOLD-BOUDOIR-36-September-202528-1179x1536.jpg 1179w, https:\/\/ralf.eyertt.de\/wp-content\/uploads\/2025\/10\/MALVIE-BOLD-BOUDOIR-36-September-202528-1572x2048.jpg 1572w, https:\/\/ralf.eyertt.de\/wp-content\/uploads\/2025\/10\/MALVIE-BOLD-BOUDOIR-36-September-202528-scaled.jpg 1965w\" sizes=\"auto, (max-width: 250px) 100vw, 250px\" \/>Model <strong data-start=\"643\" data-end=\"660\">Verena M\u00fcller<\/strong> embodies the dialogue between strength and vulnerability, her presence shaped by the subtle interplay of shadow and illumination. The visual tension between clarity and dissolution reflects Eyertt\u2019s continuing exploration of beauty as a transient state \u2014 something that cannot be possessed, only perceived in passing.<\/p>\n<p data-start=\"982\" data-end=\"1171\">The delicate makeup and hairstyling by <strong data-start=\"1021\" data-end=\"1037\">Anne Naumann<\/strong> complete the visual narrative, enhancing the natural luminosity of the skin and the fluid atmosphere that flows through each frame.<\/p>\n<p data-start=\"1173\" data-end=\"1370\"><img loading=\"lazy\" decoding=\"async\" class=\"alignleft size-thumbnail wp-image-4641\" src=\"https:\/\/ralf.eyertt.de\/wp-content\/uploads\/2025\/10\/MALVIE-BOLD-BOUDOIR-36-September-202529-250x326.jpg\" alt=\"\" width=\"250\" height=\"326\" srcset=\"https:\/\/ralf.eyertt.de\/wp-content\/uploads\/2025\/10\/MALVIE-BOLD-BOUDOIR-36-September-202529-250x326.jpg 250w, https:\/\/ralf.eyertt.de\/wp-content\/uploads\/2025\/10\/MALVIE-BOLD-BOUDOIR-36-September-202529-500x652.jpg 500w, https:\/\/ralf.eyertt.de\/wp-content\/uploads\/2025\/10\/MALVIE-BOLD-BOUDOIR-36-September-202529-650x847.jpg 650w, https:\/\/ralf.eyertt.de\/wp-content\/uploads\/2025\/10\/MALVIE-BOLD-BOUDOIR-36-September-202529-768x1001.jpg 768w, https:\/\/ralf.eyertt.de\/wp-content\/uploads\/2025\/10\/MALVIE-BOLD-BOUDOIR-36-September-202529-1179x1536.jpg 1179w, https:\/\/ralf.eyertt.de\/wp-content\/uploads\/2025\/10\/MALVIE-BOLD-BOUDOIR-36-September-202529-1572x2048.jpg 1572w, https:\/\/ralf.eyertt.de\/wp-content\/uploads\/2025\/10\/MALVIE-BOLD-BOUDOIR-36-September-202529-scaled.jpg 1965w\" sizes=\"auto, (max-width: 250px) 100vw, 250px\" \/>Through this work, Ralf Eyertt continues to expand his artistic vision, merging his long-standing experience in fashion and beauty with a more introspective, poetic exploration of the human form.<\/p>\n<hr data-start=\"1372\" data-end=\"1375\" \/>\n<h2 data-start=\"1377\" data-end=\"1453\"><strong data-start=\"1380\" data-end=\"1451\">\u201eEphemeral Bodies\u201c \u2013 Ver\u00f6ffentlicht im Malvie Magazine (Frankreich)<\/strong><\/h2>\n<p data-start=\"1455\" data-end=\"1763\">Mit <em data-start=\"1459\" data-end=\"1479\">\u201eEphemeral Bodies\u201c<\/em> erkundet Fotograf <strong data-start=\"1498\" data-end=\"1513\">Ralf Eyertt<\/strong> die fragile Schnittstelle zwischen Licht, Bewegung und menschlicher Emotion. Die im franz\u00f6sischen <strong data-start=\"1612\" data-end=\"1631\">Malvie Magazine<\/strong> ver\u00f6ffentlichte Serie verwandelt fl\u00fcchtige Gesten und Wassertropfen in skulpturale Momente \u2013 verg\u00e4nglich und doch zutiefst intim.<\/p>\n<p data-start=\"1765\" data-end=\"2139\">Model <strong data-start=\"1771\" data-end=\"1788\">Verena M\u00fcller<\/strong> verk\u00f6rpert den Dialog zwischen St\u00e4rke und Verletzlichkeit. Ihre Pr\u00e4senz entsteht aus dem feinen Wechselspiel von Schatten und Licht. Die Spannung zwischen Klarheit und Aufl\u00f6sung spiegelt Eyertts fortw\u00e4hrende Auseinandersetzung mit dem Thema Sch\u00f6nheit wider \u2013 als etwas Vor\u00fcbergehendes, das man nicht besitzen, sondern nur im Moment wahrnehmen kann.<\/p>\n<p data-start=\"2141\" data-end=\"2354\">Das fein abgestimmte Make-up und Hairstyling von <strong data-start=\"2190\" data-end=\"2206\">Anne Naumann<\/strong> vollenden die visuelle Erz\u00e4hlung und betonen die nat\u00fcrliche Leuchtkraft der Haut sowie die flie\u00dfende Atmosph\u00e4re, die sich durch jedes Bild zieht.<\/p>\n<p data-start=\"2356\" data-end=\"2563\">Mit dieser Arbeit erweitert Ralf Eyertt seine k\u00fcnstlerische Vision und verbindet seine langj\u00e4hrige Erfahrung in Fashion und Beauty mit einer introspektiven, poetischen Erforschung des menschlichen K\u00f6rpers.<\/p>","protected":false},"excerpt":{"rendered":"<p>With \u201cEphemeral Bodies\u201d, photographer Ralf Eyertt explores the fragile intersection between light, movement, and human emotion. The series, published in the French Malvie Magazine, transforms fleeting gestures and droplets of water into sculptural moments \u2014 ephemeral yet deeply intimate. Model Verena M\u00fcller embodies the dialogue &hellip; <a href=\"https:\/\/ralf.eyertt.de\/?p=4638\" class=\"more-link\"><span>Continue reading<span class=\"screen-reader-text\">&#8222;Ephemeral Bodies&#8220; \u2013 Published in Malvie Magazine (France)<\/span><\/span><\/a><\/p>\n","protected":false},"author":1,"featured_media":4636,"comment_status":"closed","ping_status":"open","sticky":false,"template":"","format":"standard","meta":{"_jetpack_memberships_contains_paid_content":false,"footnotes":""},"categories":[1],"tags":[],"class_list":["post-4638","post","type-post","status-publish","format-standard","has-post-thumbnail","hentry","category-news"],"jetpack_featured_media_url":"https:\/\/ralf.eyertt.de\/wp-content\/uploads\/2025\/10\/MALVIE-BOLD-BOUDOIR-36-September-2025-scaled.jpg","jetpack_sharing_enabled":true,"jetpack_likes_enabled":true,"_links":{"self":[{"href":"https:\/\/ralf.eyertt.de\/index.php?rest_route=\/wp\/v2\/posts\/4638","targetHints":{"allow":["GET"]}}],"collection":[{"href":"https:\/\/ralf.eyertt.de\/index.php?rest_route=\/wp\/v2\/posts"}],"about":[{"href":"https:\/\/ralf.eyertt.de\/index.php?rest_route=\/wp\/v2\/types\/post"}],"author":[{"embeddable":true,"href":"https:\/\/ralf.eyertt.de\/index.php?rest_route=\/wp\/v2\/users\/1"}],"replies":[{"embeddable":true,"href":"https:\/\/ralf.eyertt.de\/index.php?rest_route=%2Fwp%2Fv2%2Fcomments&post=4638"}],"version-history":[{"count":1,"href":"https:\/\/ralf.eyertt.de\/index.php?rest_route=\/wp\/v2\/posts\/4638\/revisions"}],"predecessor-version":[{"id":4642,"href":"https:\/\/ralf.eyertt.de\/index.php?rest_route=\/wp\/v2\/posts\/4638\/revisions\/4642"}],"wp:featuredmedia":[{"embeddable":true,"href":"https:\/\/ralf.eyertt.de\/index.php?rest_route=\/wp\/v2\/media\/4636"}],"wp:attachment":[{"href":"https:\/\/ralf.eyertt.de\/index.php?rest_route=%2Fwp%2Fv2%2Fmedia&parent=4638"}],"wp:term":[{"taxonomy":"category","embeddable":true,"href":"https:\/\/ralf.eyertt.de\/index.php?rest_route=%2Fwp%2Fv2%2Fcategories&post=4638"},{"taxonomy":"post_tag","embeddable":true,"href":"https:\/\/ralf.eyertt.de\/index.php?rest_route=%2Fwp%2Fv2%2Ftags&post=4638"}],"curies":[{"name":"wp","href":"https:\/\/api.w.org\/{rel}","templated":true}]}}