{"id":4627,"date":"2025-09-19T09:58:18","date_gmt":"2025-09-19T07:58:18","guid":{"rendered":"https:\/\/ralf.eyertt.de\/?p=4627"},"modified":"2025-09-19T09:58:46","modified_gmt":"2025-09-19T07:58:46","slug":"body-control-mit-gisele-oesch","status":"publish","type":"post","link":"https:\/\/ralf.eyertt.de\/?p=4627","title":{"rendered":"Body Control mit Gisele Oesch"},"content":{"rendered":"<p data-start=\"159\" data-end=\"214\"><strong data-start=\"159\" data-end=\"212\">Editorial mit der Schweizer T\u00e4nzerin Gisele Oesch<\/strong><\/p>\n<p data-start=\"216\" data-end=\"570\"><img loading=\"lazy\" decoding=\"async\" class=\"alignleft size-thumbnail wp-image-4628\" src=\"https:\/\/ralf.eyertt.de\/wp-content\/uploads\/2025\/09\/Single-Page77-250x326.jpg\" alt=\"\" width=\"250\" height=\"326\" srcset=\"https:\/\/ralf.eyertt.de\/wp-content\/uploads\/2025\/09\/Single-Page77-250x326.jpg 250w, https:\/\/ralf.eyertt.de\/wp-content\/uploads\/2025\/09\/Single-Page77-500x652.jpg 500w, https:\/\/ralf.eyertt.de\/wp-content\/uploads\/2025\/09\/Single-Page77-650x847.jpg 650w, https:\/\/ralf.eyertt.de\/wp-content\/uploads\/2025\/09\/Single-Page77-768x1001.jpg 768w, https:\/\/ralf.eyertt.de\/wp-content\/uploads\/2025\/09\/Single-Page77-1179x1536.jpg 1179w, https:\/\/ralf.eyertt.de\/wp-content\/uploads\/2025\/09\/Single-Page77-1572x2048.jpg 1572w, https:\/\/ralf.eyertt.de\/wp-content\/uploads\/2025\/09\/Single-Page77-scaled.jpg 1965w\" sizes=\"auto, (max-width: 250px) 100vw, 250px\" \/>Dieses Editorial ist ein stiller Dialog zwischen Pr\u00e4senz und Verg\u00e4nglichkeit \u2013 eine Erkundung der menschlichen Sch\u00f6nheit durch die expressive Sprache der Bewegung. Mit der bekannten Schweizer T\u00e4nzerin <strong>Gisele Oesch<\/strong> geht die Serie \u00fcber Mode hinaus und verwandelt sich in eine kontemplative visuelle Studie, in der der K\u00f6rper zugleich Form und Gef\u00fchl ist.<\/p>\n<p data-start=\"572\" data-end=\"905\">Fotografiert mit einem Blick f\u00fcr rohe Eleganz und subtile Emotion, zeichnet jedes Bild die feine Choreografie von Zeit, Erinnerung und Anmut nach. Gisele verk\u00f6rpert mehr als Tanz \u2013 sie wird zur lebenden Leinwand, die stille St\u00e4rke und innere Ausstrahlung <img loading=\"lazy\" decoding=\"async\" class=\"alignleft size-thumbnail wp-image-4629\" src=\"https:\/\/ralf.eyertt.de\/wp-content\/uploads\/2025\/09\/Single-Page83-250x326.jpg\" alt=\"\" width=\"250\" height=\"326\" srcset=\"https:\/\/ralf.eyertt.de\/wp-content\/uploads\/2025\/09\/Single-Page83-250x326.jpg 250w, https:\/\/ralf.eyertt.de\/wp-content\/uploads\/2025\/09\/Single-Page83-500x652.jpg 500w, https:\/\/ralf.eyertt.de\/wp-content\/uploads\/2025\/09\/Single-Page83-650x847.jpg 650w, https:\/\/ralf.eyertt.de\/wp-content\/uploads\/2025\/09\/Single-Page83-768x1001.jpg 768w, https:\/\/ralf.eyertt.de\/wp-content\/uploads\/2025\/09\/Single-Page83-1179x1536.jpg 1179w, https:\/\/ralf.eyertt.de\/wp-content\/uploads\/2025\/09\/Single-Page83-1572x2048.jpg 1572w, https:\/\/ralf.eyertt.de\/wp-content\/uploads\/2025\/09\/Single-Page83-scaled.jpg 1965w\" sizes=\"auto, (max-width: 250px) 100vw, 250px\" \/>sichtbar macht, jene Sch\u00f6nheit, die weit \u00fcber das Oberfl\u00e4chliche hinausgeht.<\/p>\n<p data-start=\"572\" data-end=\"905\">Makeup und Haare wurden von <strong>Anne Naumann<\/strong> realisiert.<\/p>\n<p data-start=\"907\" data-end=\"1079\">Dieses Editorial ist aktuell im <strong data-start=\"939\" data-end=\"956\">Gmaro Magazin<\/strong> erschienen und kann unter folgendem Link bezogen werden:<br data-start=\"1013\" data-end=\"1016\" \/><a class=\"decorated-link\" href=\"https:\/\/www.magcloud.com\/browse\/issue\/3153819\" target=\"_blank\" rel=\"noopener\" data-start=\"1016\" data-end=\"1077\">Hier ansehen<\/a><\/p>","protected":false},"excerpt":{"rendered":"<p>Editorial mit der Schweizer T\u00e4nzerin Gisele Oesch Dieses Editorial ist ein stiller Dialog zwischen Pr\u00e4senz und Verg\u00e4nglichkeit \u2013 eine Erkundung der menschlichen Sch\u00f6nheit durch die expressive Sprache der Bewegung. Mit der bekannten Schweizer T\u00e4nzerin Gisele Oesch geht die Serie \u00fcber Mode hinaus und verwandelt sich &hellip; <a href=\"https:\/\/ralf.eyertt.de\/?p=4627\" class=\"more-link\"><span>Continue reading<span class=\"screen-reader-text\">Body Control mit Gisele Oesch<\/span><\/span><\/a><\/p>\n","protected":false},"author":1,"featured_media":4630,"comment_status":"closed","ping_status":"open","sticky":false,"template":"","format":"standard","meta":{"_jetpack_memberships_contains_paid_content":false,"footnotes":""},"categories":[1],"tags":[],"class_list":["post-4627","post","type-post","status-publish","format-standard","has-post-thumbnail","hentry","category-news"],"jetpack_featured_media_url":"https:\/\/ralf.eyertt.de\/wp-content\/uploads\/2025\/09\/Single-Page85-scaled.jpg","jetpack_sharing_enabled":true,"jetpack_likes_enabled":true,"_links":{"self":[{"href":"https:\/\/ralf.eyertt.de\/index.php?rest_route=\/wp\/v2\/posts\/4627","targetHints":{"allow":["GET"]}}],"collection":[{"href":"https:\/\/ralf.eyertt.de\/index.php?rest_route=\/wp\/v2\/posts"}],"about":[{"href":"https:\/\/ralf.eyertt.de\/index.php?rest_route=\/wp\/v2\/types\/post"}],"author":[{"embeddable":true,"href":"https:\/\/ralf.eyertt.de\/index.php?rest_route=\/wp\/v2\/users\/1"}],"replies":[{"embeddable":true,"href":"https:\/\/ralf.eyertt.de\/index.php?rest_route=%2Fwp%2Fv2%2Fcomments&post=4627"}],"version-history":[{"count":2,"href":"https:\/\/ralf.eyertt.de\/index.php?rest_route=\/wp\/v2\/posts\/4627\/revisions"}],"predecessor-version":[{"id":4632,"href":"https:\/\/ralf.eyertt.de\/index.php?rest_route=\/wp\/v2\/posts\/4627\/revisions\/4632"}],"wp:featuredmedia":[{"embeddable":true,"href":"https:\/\/ralf.eyertt.de\/index.php?rest_route=\/wp\/v2\/media\/4630"}],"wp:attachment":[{"href":"https:\/\/ralf.eyertt.de\/index.php?rest_route=%2Fwp%2Fv2%2Fmedia&parent=4627"}],"wp:term":[{"taxonomy":"category","embeddable":true,"href":"https:\/\/ralf.eyertt.de\/index.php?rest_route=%2Fwp%2Fv2%2Fcategories&post=4627"},{"taxonomy":"post_tag","embeddable":true,"href":"https:\/\/ralf.eyertt.de\/index.php?rest_route=%2Fwp%2Fv2%2Ftags&post=4627"}],"curies":[{"name":"wp","href":"https:\/\/api.w.org\/{rel}","templated":true}]}}