{"id":4622,"date":"2025-09-19T09:48:33","date_gmt":"2025-09-19T07:48:33","guid":{"rendered":"https:\/\/ralf.eyertt.de\/?p=4622"},"modified":"2025-09-19T09:48:33","modified_gmt":"2025-09-19T07:48:33","slug":"schattierungen-der-praesenz","status":"publish","type":"post","link":"https:\/\/ralf.eyertt.de\/?p=4622","title":{"rendered":"\u201eSchattierungen der Pr\u00e4senz\u201c"},"content":{"rendered":"<p data-start=\"112\" data-end=\"368\"><em data-start=\"127\" data-end=\"368\"><img loading=\"lazy\" decoding=\"async\" class=\"alignleft size-thumbnail wp-image-4623\" src=\"https:\/\/ralf.eyertt.de\/wp-content\/uploads\/2025\/09\/1-Moevir-Magazine-September-Issue-202574-250x324.jpg\" alt=\"\" width=\"250\" height=\"324\" srcset=\"https:\/\/ralf.eyertt.de\/wp-content\/uploads\/2025\/09\/1-Moevir-Magazine-September-Issue-202574-250x324.jpg 250w, https:\/\/ralf.eyertt.de\/wp-content\/uploads\/2025\/09\/1-Moevir-Magazine-September-Issue-202574-500x647.jpg 500w, https:\/\/ralf.eyertt.de\/wp-content\/uploads\/2025\/09\/1-Moevir-Magazine-September-Issue-202574-650x841.jpg 650w, https:\/\/ralf.eyertt.de\/wp-content\/uploads\/2025\/09\/1-Moevir-Magazine-September-Issue-202574-768x994.jpg 768w, https:\/\/ralf.eyertt.de\/wp-content\/uploads\/2025\/09\/1-Moevir-Magazine-September-Issue-202574-1187x1536.jpg 1187w, https:\/\/ralf.eyertt.de\/wp-content\/uploads\/2025\/09\/1-Moevir-Magazine-September-Issue-202574-1583x2048.jpg 1583w, https:\/\/ralf.eyertt.de\/wp-content\/uploads\/2025\/09\/1-Moevir-Magazine-September-Issue-202574-scaled.jpg 1978w\" sizes=\"auto, (max-width: 250px) 100vw, 250px\" \/>Im Spiel von Licht und Schatten offenbart sich Weiblichkeit als St\u00e4rke, Eleganz und Innenschau. Dieses monochrome Editorial erforscht die stille Kraft der Pr\u00e4senz \u2013 wo jede Pose, jeder Blick zu einem Ausdruck wird, der mehr sagt als Worte.<\/em><\/p>\n<p data-start=\"0\" data-end=\"141\">Eine Frau, die voller St\u00e4rke ist und zugleich ihr ganzes Wesen in Sanftheit und Liebe ausdr\u00fcckt, tr\u00e4gt eine besondere Ausstrahlung in sich:<\/p>\n<p data-start=\"143\" data-end=\"590\">Ihre St\u00e4rke liegt nicht in H\u00e4rte oder Dominanz, sondern in der tiefen Ruhe, die sie verk\u00f6rpert. Sie steht fest im Leben, verwurzelt in sich selbst, und doch geht von ihr eine Sanftheit aus, die jeden Raum mit W\u00e4rme erf\u00fcllt. Ihre Augen spiegeln Entschlossenheit, gleichzeitig aber auch Mitgef\u00fchl und Verst\u00e4ndnis. Ihre Worte haben Gewicht, weil sie aus Klarheit geboren sind, doch sie klingen wie leise Melodien, die Trost und Zuversicht schenken.<\/p>\n<p data-start=\"592\" data-end=\"981\"><img loading=\"lazy\" decoding=\"async\" class=\"alignleft size-thumbnail wp-image-4624\" src=\"https:\/\/ralf.eyertt.de\/wp-content\/uploads\/2025\/09\/1-Moevir-Magazine-September-Issue-202575-250x324.jpg\" alt=\"\" width=\"250\" height=\"324\" srcset=\"https:\/\/ralf.eyertt.de\/wp-content\/uploads\/2025\/09\/1-Moevir-Magazine-September-Issue-202575-250x324.jpg 250w, https:\/\/ralf.eyertt.de\/wp-content\/uploads\/2025\/09\/1-Moevir-Magazine-September-Issue-202575-500x647.jpg 500w, https:\/\/ralf.eyertt.de\/wp-content\/uploads\/2025\/09\/1-Moevir-Magazine-September-Issue-202575-650x841.jpg 650w, https:\/\/ralf.eyertt.de\/wp-content\/uploads\/2025\/09\/1-Moevir-Magazine-September-Issue-202575-768x994.jpg 768w, https:\/\/ralf.eyertt.de\/wp-content\/uploads\/2025\/09\/1-Moevir-Magazine-September-Issue-202575-1187x1536.jpg 1187w, https:\/\/ralf.eyertt.de\/wp-content\/uploads\/2025\/09\/1-Moevir-Magazine-September-Issue-202575-1583x2048.jpg 1583w, https:\/\/ralf.eyertt.de\/wp-content\/uploads\/2025\/09\/1-Moevir-Magazine-September-Issue-202575-scaled.jpg 1978w\" sizes=\"auto, (max-width: 250px) 100vw, 250px\" \/>Sie begegnet Menschen nicht mit Macht, sondern mit Zuwendung, nicht mit Strenge, sondern mit einem offenen Herzen. In ihr vereinen sich W\u00fcrde und Demut, Anmut und innere Kraft. Sie liebt nicht schwach oder bedingungslos aus Naivit\u00e4t, sondern aus einem Bewusstsein heraus, das St\u00e4rke in seiner reinsten Form ist: die F\u00e4higkeit, verletzlich zu sein und dennoch unersch\u00fctterlich zu bleiben.<\/p>\n<p data-start=\"983\" data-end=\"1104\">So wird ihre Sanftheit zur gr\u00f6\u00dften Form von St\u00e4rke \u2013 und ihre Liebe zu einem stillen, strahlenden Leuchten, das bleibt.<\/p>\n<p data-start=\"983\" data-end=\"1104\">Ein neues Editorial erschienen im Moevir Magazin Frankreich\u00a0 https:\/\/www.magcloud.com\/browse\/issue\/3151881<\/p>\n<p data-start=\"983\" data-end=\"1104\">Mit Model Vivienne Oesch<br \/>\nMakeup und Haare von <strong>Anne Naumann<\/strong><\/p>","protected":false},"excerpt":{"rendered":"<p>Im Spiel von Licht und Schatten offenbart sich Weiblichkeit als St\u00e4rke, Eleganz und Innenschau. Dieses monochrome Editorial erforscht die stille Kraft der Pr\u00e4senz \u2013 wo jede Pose, jeder Blick zu einem Ausdruck wird, der mehr sagt als Worte. Eine Frau, die voller St\u00e4rke ist und &hellip; <a href=\"https:\/\/ralf.eyertt.de\/?p=4622\" class=\"more-link\"><span>Continue reading<span class=\"screen-reader-text\">\u201eSchattierungen der Pr\u00e4senz\u201c<\/span><\/span><\/a><\/p>\n","protected":false},"author":1,"featured_media":4625,"comment_status":"closed","ping_status":"open","sticky":false,"template":"","format":"standard","meta":{"_jetpack_memberships_contains_paid_content":false,"footnotes":""},"categories":[1],"tags":[],"class_list":["post-4622","post","type-post","status-publish","format-standard","has-post-thumbnail","hentry","category-news"],"jetpack_featured_media_url":"https:\/\/ralf.eyertt.de\/wp-content\/uploads\/2025\/09\/1-Moevir-Magazine-September-Issue-202582-scaled.jpg","jetpack_sharing_enabled":true,"jetpack_likes_enabled":true,"_links":{"self":[{"href":"https:\/\/ralf.eyertt.de\/index.php?rest_route=\/wp\/v2\/posts\/4622","targetHints":{"allow":["GET"]}}],"collection":[{"href":"https:\/\/ralf.eyertt.de\/index.php?rest_route=\/wp\/v2\/posts"}],"about":[{"href":"https:\/\/ralf.eyertt.de\/index.php?rest_route=\/wp\/v2\/types\/post"}],"author":[{"embeddable":true,"href":"https:\/\/ralf.eyertt.de\/index.php?rest_route=\/wp\/v2\/users\/1"}],"replies":[{"embeddable":true,"href":"https:\/\/ralf.eyertt.de\/index.php?rest_route=%2Fwp%2Fv2%2Fcomments&post=4622"}],"version-history":[{"count":1,"href":"https:\/\/ralf.eyertt.de\/index.php?rest_route=\/wp\/v2\/posts\/4622\/revisions"}],"predecessor-version":[{"id":4626,"href":"https:\/\/ralf.eyertt.de\/index.php?rest_route=\/wp\/v2\/posts\/4622\/revisions\/4626"}],"wp:featuredmedia":[{"embeddable":true,"href":"https:\/\/ralf.eyertt.de\/index.php?rest_route=\/wp\/v2\/media\/4625"}],"wp:attachment":[{"href":"https:\/\/ralf.eyertt.de\/index.php?rest_route=%2Fwp%2Fv2%2Fmedia&parent=4622"}],"wp:term":[{"taxonomy":"category","embeddable":true,"href":"https:\/\/ralf.eyertt.de\/index.php?rest_route=%2Fwp%2Fv2%2Fcategories&post=4622"},{"taxonomy":"post_tag","embeddable":true,"href":"https:\/\/ralf.eyertt.de\/index.php?rest_route=%2Fwp%2Fv2%2Ftags&post=4622"}],"curies":[{"name":"wp","href":"https:\/\/api.w.org\/{rel}","templated":true}]}}