{"id":4568,"date":"2025-05-28T13:28:53","date_gmt":"2025-05-28T11:28:53","guid":{"rendered":"https:\/\/ralf.eyertt.de\/?p=4568"},"modified":"2025-05-28T13:28:53","modified_gmt":"2025-05-28T11:28:53","slug":"beauty-charakter-im-fokus-die-oesch-schwestern-vor-meiner-kamera","status":"publish","type":"post","link":"https:\/\/ralf.eyertt.de\/?p=4568","title":{"rendered":"Beauty &#038; Charakter im Fokus \u2013 Die Oesch-Schwestern vor meiner Kamera"},"content":{"rendered":"<p data-start=\"218\" data-end=\"550\"><img loading=\"lazy\" decoding=\"async\" class=\"alignleft size-thumbnail wp-image-4569\" src=\"https:\/\/ralf.eyertt.de\/wp-content\/uploads\/2025\/05\/gisele_apr2500891insta-250x313.jpg\" alt=\"\" width=\"250\" height=\"313\" srcset=\"https:\/\/ralf.eyertt.de\/wp-content\/uploads\/2025\/05\/gisele_apr2500891insta-250x313.jpg 250w, https:\/\/ralf.eyertt.de\/wp-content\/uploads\/2025\/05\/gisele_apr2500891insta-500x625.jpg 500w, https:\/\/ralf.eyertt.de\/wp-content\/uploads\/2025\/05\/gisele_apr2500891insta-650x813.jpg 650w, https:\/\/ralf.eyertt.de\/wp-content\/uploads\/2025\/05\/gisele_apr2500891insta-768x960.jpg 768w, https:\/\/ralf.eyertt.de\/wp-content\/uploads\/2025\/05\/gisele_apr2500891insta.jpg 1080w\" sizes=\"auto, (max-width: 250px) 100vw, 250px\" \/>In meinem neuen Studio in Taufkirchen\/Vils hatte ich k\u00fcrzlich das Vergn\u00fcgen, ein ganz besonderes Shooting umzusetzen: Vor der Kamera standen die beiden au\u00dfergew\u00f6hnlichen Schwestern <strong data-start=\"399\" data-end=\"428\">Vivienne und Gisele Oesch<\/strong>. Zwei Frauen, zwei Pers\u00f6nlichkeiten \u2013 und ein gemeinsamer, starker Ausdruck von Sch\u00f6nheit, Individualit\u00e4t und Verbindung.<\/p>\n<p data-start=\"552\" data-end=\"884\"><strong data-start=\"552\" data-end=\"564\">Vivienne<\/strong>, das international erfolgreiche Model, pr\u00e4sentierte sich mit einem klar definierten, dramatischen Look \u2013 kraftvolle Smokey Eyes und skulpturale Gesichtsz\u00fcge. <strong data-start=\"723\" data-end=\"733\">Gisele<\/strong>, aufstrebende T\u00e4nzerin aus der Schweiz, zeigte sich im Kontrast dazu mit einem sanften, strahlenden Make-up, das ihre jugendliche Energie unterstrich.<\/p>\n<p data-start=\"886\" data-end=\"1154\">Die Looks wurden von <strong data-start=\"907\" data-end=\"923\">Anne Naumann<\/strong> kreiert \u2013 Friseurmeisterin, Make-up Artistin und wahre K\u00fcnstlerin in Sachen Detail und Ausdruck. Ihre Arbeit ist nicht nur technisch brillant, sondern bringt auch die Charaktertiefe der Menschen auf ganz subtile Weise zur Geltung.<\/p>\n<p data-start=\"1156\" data-end=\"1420\">Mein fotografischer Anspruch ist es, genau das sichtbar zu machen: Die Balance zwischen \u00e4u\u00dferer Sch\u00f6nheit und innerer Pers\u00f6nlichkeit. Dieses Shooting war ein wunderbares Beispiel daf\u00fcr, wie sich visuelle \u00c4sthetik und Authentizit\u00e4t zu einem Ganzen verbinden lassen.<\/p>","protected":false},"excerpt":{"rendered":"<p>In meinem neuen Studio in Taufkirchen\/Vils hatte ich k\u00fcrzlich das Vergn\u00fcgen, ein ganz besonderes Shooting umzusetzen: Vor der Kamera standen die beiden au\u00dfergew\u00f6hnlichen Schwestern Vivienne und Gisele Oesch. Zwei Frauen, zwei Pers\u00f6nlichkeiten \u2013 und ein gemeinsamer, starker Ausdruck von Sch\u00f6nheit, Individualit\u00e4t und Verbindung. Vivienne, das &hellip; <a href=\"https:\/\/ralf.eyertt.de\/?p=4568\" class=\"more-link\"><span>Continue reading<span class=\"screen-reader-text\">Beauty &#038; Charakter im Fokus \u2013 Die Oesch-Schwestern vor meiner Kamera<\/span><\/span><\/a><\/p>\n","protected":false},"author":1,"featured_media":4570,"comment_status":"closed","ping_status":"open","sticky":false,"template":"","format":"standard","meta":{"_jetpack_memberships_contains_paid_content":false,"footnotes":""},"categories":[1],"tags":[],"class_list":["post-4568","post","type-post","status-publish","format-standard","has-post-thumbnail","hentry","category-news"],"jetpack_featured_media_url":"https:\/\/ralf.eyertt.de\/wp-content\/uploads\/2025\/05\/gisele_apr2500870insta.jpg","jetpack_sharing_enabled":true,"jetpack_likes_enabled":true,"_links":{"self":[{"href":"https:\/\/ralf.eyertt.de\/index.php?rest_route=\/wp\/v2\/posts\/4568","targetHints":{"allow":["GET"]}}],"collection":[{"href":"https:\/\/ralf.eyertt.de\/index.php?rest_route=\/wp\/v2\/posts"}],"about":[{"href":"https:\/\/ralf.eyertt.de\/index.php?rest_route=\/wp\/v2\/types\/post"}],"author":[{"embeddable":true,"href":"https:\/\/ralf.eyertt.de\/index.php?rest_route=\/wp\/v2\/users\/1"}],"replies":[{"embeddable":true,"href":"https:\/\/ralf.eyertt.de\/index.php?rest_route=%2Fwp%2Fv2%2Fcomments&post=4568"}],"version-history":[{"count":1,"href":"https:\/\/ralf.eyertt.de\/index.php?rest_route=\/wp\/v2\/posts\/4568\/revisions"}],"predecessor-version":[{"id":4571,"href":"https:\/\/ralf.eyertt.de\/index.php?rest_route=\/wp\/v2\/posts\/4568\/revisions\/4571"}],"wp:featuredmedia":[{"embeddable":true,"href":"https:\/\/ralf.eyertt.de\/index.php?rest_route=\/wp\/v2\/media\/4570"}],"wp:attachment":[{"href":"https:\/\/ralf.eyertt.de\/index.php?rest_route=%2Fwp%2Fv2%2Fmedia&parent=4568"}],"wp:term":[{"taxonomy":"category","embeddable":true,"href":"https:\/\/ralf.eyertt.de\/index.php?rest_route=%2Fwp%2Fv2%2Fcategories&post=4568"},{"taxonomy":"post_tag","embeddable":true,"href":"https:\/\/ralf.eyertt.de\/index.php?rest_route=%2Fwp%2Fv2%2Ftags&post=4568"}],"curies":[{"name":"wp","href":"https:\/\/api.w.org\/{rel}","templated":true}]}}