{"id":4563,"date":"2025-05-14T09:22:20","date_gmt":"2025-05-14T07:22:20","guid":{"rendered":"https:\/\/ralf.eyertt.de\/?p=4563"},"modified":"2025-05-14T09:24:12","modified_gmt":"2025-05-14T07:24:12","slug":"%f0%9f%8e%89-neueroeffnung-mein-fotostudio-in-taufkirchen-vils-ist-bereit-fuer-dich","status":"publish","type":"post","link":"https:\/\/ralf.eyertt.de\/?p=4563","title":{"rendered":"\ud83c\udf89 Neuer\u00f6ffnung: Mein Fotostudio in Taufkirchen\/Vils ist bereit f\u00fcr dich!"},"content":{"rendered":"<p class=\"\" data-start=\"253\" data-end=\"556\">Mit gro\u00dfer Freude darf ich die Er\u00f6ffnung meines neuen <strong data-start=\"307\" data-end=\"361\">Fotostudios im Backspace des Vitalis Fitness Clubs<\/strong> bekannt geben. Ab sofort findest du mich in der <strong data-start=\"409\" data-end=\"457\">Landshuter Stra\u00dfe 40, 84416 Taufkirchen\/Vils<\/strong>, mit eigenem, separatem Zugang \u2013 perfekt erreichbar und mit ausreichend Parkm\u00f6glichkeiten vor Ort.<\/p>\n<p class=\"\" data-start=\"558\" data-end=\"926\">Das neue Studio bietet dir nicht nur modernste Lichttechnik und professionelle Ausstattung f\u00fcr Portr\u00e4ts, Mode- und Produktfotografie \u2013 sondern auch eine entspannte, kreative Atmosph\u00e4re. Dank gro\u00dfem Platzangebot, hochwertiger Studiotechnik und liebevoll eingerichteten Arbeitsbereichen ist es ideal f\u00fcr Shootings aller Art, ob klassisch, experimentell oder individuell.<\/p>\n<p class=\"\" data-start=\"928\" data-end=\"961\">\ud83d\udcf8 <strong data-start=\"931\" data-end=\"961\">Highlights meines Studios:<\/strong><\/p>\n<ul data-start=\"962\" data-end=\"1238\">\n<li class=\"\" data-start=\"962\" data-end=\"1026\">\n<p class=\"\" data-start=\"964\" data-end=\"1026\">Voll ausgestattetes Profistudio mit Blitz Systemen<\/p>\n<\/li>\n<li class=\"\" data-start=\"1027\" data-end=\"1083\">\n<p class=\"\" data-start=\"1029\" data-end=\"1083\">Variabel gestaltbare Shootingfl\u00e4chen<\/p>\n<\/li>\n<li class=\"\" data-start=\"1084\" data-end=\"1134\">\n<p class=\"\" data-start=\"1086\" data-end=\"1134\">Makeup-\/Stylingbereich mit optimaler Beleuchtung<\/p>\n<\/li>\n<li class=\"\" data-start=\"1135\" data-end=\"1189\">\n<p class=\"\" data-start=\"1137\" data-end=\"1189\">Gem\u00fctlicher Empfangsbereich mit kreativer Atmosph\u00e4re<\/p>\n<\/li>\n<li class=\"\" data-start=\"1190\" data-end=\"1238\">\n<p class=\"\" data-start=\"1192\" data-end=\"1238\">Eigener Zugang \u2013 unabh\u00e4ngig vom Fitnessbetrieb<\/p>\n<\/li>\n<\/ul>\n<p class=\"\" data-start=\"1240\" data-end=\"1433\">Egal ob Bewerbungsfoto, Business-Portr\u00e4t, Fashion-Shooting oder k\u00fcnstlerisches Projekt \u2013 ich freue mich, deine Ideen mit dir umzusetzen. Buche jetzt deinen Termin oder schau einfach mal vorbei!<\/p>\n<p class=\"\" data-start=\"1435\" data-end=\"1549\">\ud83d\udc49 <a class=\"\" href=\"http:\/\/ralf.eyertt.de\/#kontakt\" target=\"_new\" rel=\"noopener\" data-start=\"1438\" data-end=\"1489\">Kontakt aufnehmen<\/a> <a href=\"mailto:ralf@eyertt.de\" target=\"_blank\" rel=\"noopener\">ralf@eyertt.de<\/a><\/p>\n<p data-start=\"1435\" data-end=\"1549\"><img loading=\"lazy\" decoding=\"async\" class=\"alignnone size-large wp-image-4564\" src=\"https:\/\/ralf.eyertt.de\/wp-content\/uploads\/2025\/05\/studio_mai_2501013-650x434.jpg\" alt=\"\" width=\"650\" height=\"434\" srcset=\"https:\/\/ralf.eyertt.de\/wp-content\/uploads\/2025\/05\/studio_mai_2501013-650x434.jpg 650w, https:\/\/ralf.eyertt.de\/wp-content\/uploads\/2025\/05\/studio_mai_2501013-500x333.jpg 500w, https:\/\/ralf.eyertt.de\/wp-content\/uploads\/2025\/05\/studio_mai_2501013-250x167.jpg 250w, https:\/\/ralf.eyertt.de\/wp-content\/uploads\/2025\/05\/studio_mai_2501013-768x512.jpg 768w, https:\/\/ralf.eyertt.de\/wp-content\/uploads\/2025\/05\/studio_mai_2501013-1536x1025.jpg 1536w, https:\/\/ralf.eyertt.de\/wp-content\/uploads\/2025\/05\/studio_mai_2501013-2048x1366.jpg 2048w\" sizes=\"auto, (max-width: 650px) 100vw, 650px\" \/><\/p>","protected":false},"excerpt":{"rendered":"<p>Mit gro\u00dfer Freude darf ich die Er\u00f6ffnung meines neuen Fotostudios im Backspace des Vitalis Fitness Clubs bekannt geben. Ab sofort findest du mich in der Landshuter Stra\u00dfe 40, 84416 Taufkirchen\/Vils, mit eigenem, separatem Zugang \u2013 perfekt erreichbar und mit ausreichend Parkm\u00f6glichkeiten vor Ort. Das neue &hellip; <a href=\"https:\/\/ralf.eyertt.de\/?p=4563\" class=\"more-link\"><span>Continue reading<span class=\"screen-reader-text\">\ud83c\udf89 Neuer\u00f6ffnung: Mein Fotostudio in Taufkirchen\/Vils ist bereit f\u00fcr dich!<\/span><\/span><\/a><\/p>\n","protected":false},"author":1,"featured_media":4564,"comment_status":"closed","ping_status":"open","sticky":false,"template":"","format":"standard","meta":{"_jetpack_memberships_contains_paid_content":false,"footnotes":""},"categories":[1],"tags":[],"class_list":["post-4563","post","type-post","status-publish","format-standard","has-post-thumbnail","hentry","category-news"],"jetpack_featured_media_url":"https:\/\/ralf.eyertt.de\/wp-content\/uploads\/2025\/05\/studio_mai_2501013-scaled.jpg","jetpack_sharing_enabled":true,"jetpack_likes_enabled":true,"_links":{"self":[{"href":"https:\/\/ralf.eyertt.de\/index.php?rest_route=\/wp\/v2\/posts\/4563","targetHints":{"allow":["GET"]}}],"collection":[{"href":"https:\/\/ralf.eyertt.de\/index.php?rest_route=\/wp\/v2\/posts"}],"about":[{"href":"https:\/\/ralf.eyertt.de\/index.php?rest_route=\/wp\/v2\/types\/post"}],"author":[{"embeddable":true,"href":"https:\/\/ralf.eyertt.de\/index.php?rest_route=\/wp\/v2\/users\/1"}],"replies":[{"embeddable":true,"href":"https:\/\/ralf.eyertt.de\/index.php?rest_route=%2Fwp%2Fv2%2Fcomments&post=4563"}],"version-history":[{"count":2,"href":"https:\/\/ralf.eyertt.de\/index.php?rest_route=\/wp\/v2\/posts\/4563\/revisions"}],"predecessor-version":[{"id":4566,"href":"https:\/\/ralf.eyertt.de\/index.php?rest_route=\/wp\/v2\/posts\/4563\/revisions\/4566"}],"wp:featuredmedia":[{"embeddable":true,"href":"https:\/\/ralf.eyertt.de\/index.php?rest_route=\/wp\/v2\/media\/4564"}],"wp:attachment":[{"href":"https:\/\/ralf.eyertt.de\/index.php?rest_route=%2Fwp%2Fv2%2Fmedia&parent=4563"}],"wp:term":[{"taxonomy":"category","embeddable":true,"href":"https:\/\/ralf.eyertt.de\/index.php?rest_route=%2Fwp%2Fv2%2Fcategories&post=4563"},{"taxonomy":"post_tag","embeddable":true,"href":"https:\/\/ralf.eyertt.de\/index.php?rest_route=%2Fwp%2Fv2%2Ftags&post=4563"}],"curies":[{"name":"wp","href":"https:\/\/api.w.org\/{rel}","templated":true}]}}